{"id":5133,"date":"2024-05-07T13:09:37","date_gmt":"2024-05-07T11:09:37","guid":{"rendered":"https:\/\/veveyspringclassic.ch\/?p=5133"},"modified":"2024-05-07T13:19:07","modified_gmt":"2024-05-07T11:19:07","slug":"prelude-concert-2024","status":"publish","type":"post","link":"https:\/\/veveyspringclassic.ch\/en\/2024\/05\/07\/prelude-concert-2024\/","title":{"rendered":"&#8220;Prelude&#8221; concert 2024"},"content":{"rendered":"\n<p>We are happy to announce a series of 4 &#8220;Prelude&#8221; concerts during the 2024 festival week as the continuation of our artistic partnership with the HEMU (Haute \u00c9cole de Musique et Conservatoire de Lausanne).<\/p>\n\n\n\n<p>This year we look forward to welcoming 2 students from the HEMU &#8220;Master Soliste&#8221; program: the flutist&nbsp;<strong>Melanie Martin Gil<\/strong>&nbsp;and the clarinetist&nbsp;<strong>Tiago<\/strong>&nbsp;<strong>Bento<\/strong>.<\/p>\n\n\n\n<p>In addition, the cellist&nbsp;<strong><a href=\"https:\/\/veveyspringclassic.ch\/en\/2023\/08\/21\/scholarship-awarded-to-an-emerging-young-local-talent-cellist-benjamin-jacobs-for-the-season-2023-24\/\">Benjamin Jacobs<\/a><\/strong>&nbsp;who is the recipient of VSC scholarship for the season 2023-24 will be featured together with the 2023 laureate of the Clara Haskil Prix,&nbsp;<strong><a href=\"https:\/\/veveyspringclassic.ch\/en\/musicien\/magdalene-ho\/\">Magdalene Ho<\/a><\/strong>.<\/p>\n\n\n\n<p>As a part of our artistic partnership with the Clara Haskil Competition, the fourth &#8220;Prelude&#8221; concert is programmed with a solo recital by&nbsp;<strong><a href=\"https:\/\/veveyspringclassic.ch\/en\/musicien\/magdalene-ho\/\">Magdalene Ho<\/a><\/strong>.<\/p>\n\n\n\n<h2 class=\"wp-block-heading\"><strong>&#8220;Prelude&#8221; concert I<\/strong><br><strong>Thursday 23 May 2024, 18:30<\/strong><\/h2>\n\n\n\n<h3 class=\"wp-block-heading\">Salle del Castillo, Vevey<\/h3>\n\n\n\n<p><strong>Ysa\u00ffe<\/strong> &nbsp;Po\u00e8me \u00e9l\u00e9giaque in d minor op. 12<br><strong>Borne<\/strong> &nbsp;Fantaisie brillante sur &#8220;Carmen&#8221;<\/p>\n\n\n\n<p><strong>Melanie Martin Gil<\/strong>, flute<br><strong>Veronica Kuijken<\/strong>, piano<\/p>\n\n\n\n<hr class=\"wp-block-separator has-alpha-channel-opacity\"\/>\n\n\n\n<h2 class=\"wp-block-heading\">&#8220;Prelude&#8221; concert II<br>Friday 24 May 2024, 19:00<\/h2>\n\n\n\n<h3 class=\"wp-block-heading\"><strong>Salle del Castillo, Vevey<\/strong><\/h3>\n\n\n\n<p><strong>Brahms<\/strong> &nbsp;Cello Sonata no. 1 in e minor op. 38<\/p>\n\n\n\n<p><strong><a href=\"https:\/\/veveyspringclassic.ch\/en\/2023\/08\/21\/scholarship-awarded-to-an-emerging-young-local-talent-cellist-benjamin-jacobs-for-the-season-2023-24\/\">Benjamin Jacobs<\/a><\/strong>, cello<br><strong><a href=\"https:\/\/veveyspringclassic.ch\/en\/musicien\/magdalene-ho\/\">Magdalene Ho<\/a><\/strong>, piano<\/p>\n\n\n\n<hr class=\"wp-block-separator has-alpha-channel-opacity\"\/>\n\n\n\n<h2 class=\"wp-block-heading\">&#8220;Prelude&#8221; concert III<br>Saturday 25 May 2024, 19:00<\/h2>\n\n\n\n<h3 class=\"wp-block-heading\">Salle del Castillo, Vevey<\/h3>\n\n\n\n<p><strong>Weber<\/strong> &nbsp;Grand duo concertant in E-flat Major op. 48<\/p>\n\n\n\n<p><strong>Tiago Bento<\/strong>, clarinet<br><strong>V\u00e9ronique Goudin-L\u00e9ger<\/strong>, piano<\/p>\n\n\n\n<hr class=\"wp-block-separator has-alpha-channel-opacity\"\/>\n\n\n\n<h2 class=\"wp-block-heading\">&#8220;Prelude&#8221; concert IV<br>Sunday 26 May 2024, 16:00<\/h2>\n\n\n\n<h3 class=\"wp-block-heading\">Salle del Castillo, Vevey<\/h3>\n\n\n\n<p><strong>Mozart<\/strong> &nbsp;Piano Sonata in c minor K. 457<br><strong>Schumann<\/strong> &nbsp;Toccata in C Major op. 7<\/p>\n\n\n\n<p><strong><a href=\"https:\/\/veveyspringclassic.ch\/en\/musicien\/magdalene-ho\/\">Magdalene Ho<\/a><\/strong>, piano<\/p>\n","protected":false},"excerpt":{"rendered":"<p>We are happy to announce a series of 4 &#8220;Prelude&#8221; concerts during the 2024 festival week as the continuation of our artistic partnership with the HEMU (Haute \u00c9cole de Musique et Conservatoire de Lausanne). This year we look forward to welcoming 2 students from the HEMU &#8220;Master Soliste&#8221; program: the flutist&nbsp;Melanie Martin Gil&nbsp;and the clarinetist&nbsp;Tiago&nbsp;Bento. [&hellip;]<\/p>\n","protected":false},"author":1,"featured_media":5121,"comment_status":"closed","ping_status":"closed","sticky":false,"template":"","format":"standard","meta":{"_acf_changed":false,"footnotes":""},"categories":[3],"tags":[],"class_list":["post-5133","post","type-post","status-publish","format-standard","has-post-thumbnail","hentry","category-uncategorized"],"acf":[],"yoast_head":"<!-- This site is optimized with the Yoast SEO plugin v27.3 - https:\/\/yoast.com\/product\/yoast-seo-wordpress\/ -->\n<title>&quot;Prelude&quot; concert 2024 - Vevey Spring Classic<\/title>\n<meta name=\"robots\" content=\"index, follow, max-snippet:-1, max-image-preview:large, max-video-preview:-1\" \/>\n<link rel=\"canonical\" href=\"https:\/\/veveyspringclassic.ch\/en\/2024\/05\/07\/prelude-concert-2024\/\" \/>\n<meta property=\"og:locale\" content=\"en_US\" \/>\n<meta property=\"og:type\" content=\"article\" \/>\n<meta property=\"og:title\" content=\"&quot;Prelude&quot; concert 2024 - Vevey Spring Classic\" \/>\n<meta property=\"og:description\" content=\"We are happy to announce a series of 4 &#8220;Prelude&#8221; concerts during the 2024 festival week as the continuation of our artistic partnership with the HEMU (Haute \u00c9cole de Musique et Conservatoire de Lausanne). This year we look forward to welcoming 2 students from the HEMU &#8220;Master Soliste&#8221; program: the flutist&nbsp;Melanie Martin Gil&nbsp;and the clarinetist&nbsp;Tiago&nbsp;Bento. [&hellip;]\" \/>\n<meta property=\"og:url\" content=\"https:\/\/veveyspringclassic.ch\/en\/2024\/05\/07\/prelude-concert-2024\/\" \/>\n<meta property=\"og:site_name\" content=\"Vevey Spring Classic\" \/>\n<meta property=\"article:publisher\" content=\"https:\/\/www.facebook.com\/veveyspringclassic\/\" \/>\n<meta property=\"article:published_time\" content=\"2024-05-07T11:09:37+00:00\" \/>\n<meta property=\"article:modified_time\" content=\"2024-05-07T11:19:07+00:00\" \/>\n<meta property=\"og:image\" content=\"https:\/\/veveyspringclassic.ch\/wp-content\/uploads\/2024\/05\/KIK03194-scaled.jpg\" \/>\n\t<meta property=\"og:image:width\" content=\"2560\" \/>\n\t<meta property=\"og:image:height\" content=\"1920\" \/>\n\t<meta property=\"og:image:type\" content=\"image\/jpeg\" \/>\n<meta name=\"author\" content=\"ldesiebenthal\" \/>\n<meta name=\"twitter:card\" content=\"summary_large_image\" \/>\n<meta name=\"twitter:label1\" content=\"Written by\" \/>\n\t<meta name=\"twitter:data1\" content=\"ldesiebenthal\" \/>\n\t<meta name=\"twitter:label2\" content=\"Est. reading time\" \/>\n\t<meta name=\"twitter:data2\" content=\"2 minutes\" \/>\n<script type=\"application\/ld+json\" class=\"yoast-schema-graph\">{\"@context\":\"https:\\\/\\\/schema.org\",\"@graph\":[{\"@type\":\"Article\",\"@id\":\"https:\\\/\\\/veveyspringclassic.ch\\\/en\\\/2024\\\/05\\\/07\\\/prelude-concert-2024\\\/#article\",\"isPartOf\":{\"@id\":\"https:\\\/\\\/veveyspringclassic.ch\\\/en\\\/2024\\\/05\\\/07\\\/prelude-concert-2024\\\/\"},\"author\":{\"name\":\"ldesiebenthal\",\"@id\":\"https:\\\/\\\/veveyspringclassic.ch\\\/en\\\/#\\\/schema\\\/person\\\/d8a0dc2e3784874ede3e72906f2949ad\"},\"headline\":\"&#8220;Prelude&#8221; concert 2024\",\"datePublished\":\"2024-05-07T11:09:37+00:00\",\"dateModified\":\"2024-05-07T11:19:07+00:00\",\"mainEntityOfPage\":{\"@id\":\"https:\\\/\\\/veveyspringclassic.ch\\\/en\\\/2024\\\/05\\\/07\\\/prelude-concert-2024\\\/\"},\"wordCount\":229,\"publisher\":{\"@id\":\"https:\\\/\\\/veveyspringclassic.ch\\\/en\\\/#organization\"},\"image\":{\"@id\":\"https:\\\/\\\/veveyspringclassic.ch\\\/en\\\/2024\\\/05\\\/07\\\/prelude-concert-2024\\\/#primaryimage\"},\"thumbnailUrl\":\"https:\\\/\\\/veveyspringclassic.ch\\\/wp-content\\\/uploads\\\/2024\\\/05\\\/KIK03194-scaled.jpg\",\"inLanguage\":\"en-US\"},{\"@type\":\"WebPage\",\"@id\":\"https:\\\/\\\/veveyspringclassic.ch\\\/en\\\/2024\\\/05\\\/07\\\/prelude-concert-2024\\\/\",\"url\":\"https:\\\/\\\/veveyspringclassic.ch\\\/en\\\/2024\\\/05\\\/07\\\/prelude-concert-2024\\\/\",\"name\":\"\\\"Prelude\\\" concert 2024 - Vevey Spring Classic\",\"isPartOf\":{\"@id\":\"https:\\\/\\\/veveyspringclassic.ch\\\/en\\\/#website\"},\"primaryImageOfPage\":{\"@id\":\"https:\\\/\\\/veveyspringclassic.ch\\\/en\\\/2024\\\/05\\\/07\\\/prelude-concert-2024\\\/#primaryimage\"},\"image\":{\"@id\":\"https:\\\/\\\/veveyspringclassic.ch\\\/en\\\/2024\\\/05\\\/07\\\/prelude-concert-2024\\\/#primaryimage\"},\"thumbnailUrl\":\"https:\\\/\\\/veveyspringclassic.ch\\\/wp-content\\\/uploads\\\/2024\\\/05\\\/KIK03194-scaled.jpg\",\"datePublished\":\"2024-05-07T11:09:37+00:00\",\"dateModified\":\"2024-05-07T11:19:07+00:00\",\"breadcrumb\":{\"@id\":\"https:\\\/\\\/veveyspringclassic.ch\\\/en\\\/2024\\\/05\\\/07\\\/prelude-concert-2024\\\/#breadcrumb\"},\"inLanguage\":\"en-US\",\"potentialAction\":[{\"@type\":\"ReadAction\",\"target\":[\"https:\\\/\\\/veveyspringclassic.ch\\\/en\\\/2024\\\/05\\\/07\\\/prelude-concert-2024\\\/\"]}]},{\"@type\":\"ImageObject\",\"inLanguage\":\"en-US\",\"@id\":\"https:\\\/\\\/veveyspringclassic.ch\\\/en\\\/2024\\\/05\\\/07\\\/prelude-concert-2024\\\/#primaryimage\",\"url\":\"https:\\\/\\\/veveyspringclassic.ch\\\/wp-content\\\/uploads\\\/2024\\\/05\\\/KIK03194-scaled.jpg\",\"contentUrl\":\"https:\\\/\\\/veveyspringclassic.ch\\\/wp-content\\\/uploads\\\/2024\\\/05\\\/KIK03194-scaled.jpg\",\"width\":2560,\"height\":1920},{\"@type\":\"BreadcrumbList\",\"@id\":\"https:\\\/\\\/veveyspringclassic.ch\\\/en\\\/2024\\\/05\\\/07\\\/prelude-concert-2024\\\/#breadcrumb\",\"itemListElement\":[{\"@type\":\"ListItem\",\"position\":1,\"name\":\"Home\",\"item\":\"https:\\\/\\\/veveyspringclassic.ch\\\/en\\\/\"},{\"@type\":\"ListItem\",\"position\":2,\"name\":\"&#8220;Prelude&#8221; concert 2024\"}]},{\"@type\":\"WebSite\",\"@id\":\"https:\\\/\\\/veveyspringclassic.ch\\\/en\\\/#website\",\"url\":\"https:\\\/\\\/veveyspringclassic.ch\\\/en\\\/\",\"name\":\"Vevey Spring Classic\",\"description\":\"\",\"publisher\":{\"@id\":\"https:\\\/\\\/veveyspringclassic.ch\\\/en\\\/#organization\"},\"potentialAction\":[{\"@type\":\"SearchAction\",\"target\":{\"@type\":\"EntryPoint\",\"urlTemplate\":\"https:\\\/\\\/veveyspringclassic.ch\\\/en\\\/?s={search_term_string}\"},\"query-input\":{\"@type\":\"PropertyValueSpecification\",\"valueRequired\":true,\"valueName\":\"search_term_string\"}}],\"inLanguage\":\"en-US\"},{\"@type\":\"Organization\",\"@id\":\"https:\\\/\\\/veveyspringclassic.ch\\\/en\\\/#organization\",\"name\":\"Vevey Spring Classic\",\"url\":\"https:\\\/\\\/veveyspringclassic.ch\\\/en\\\/\",\"logo\":{\"@type\":\"ImageObject\",\"inLanguage\":\"en-US\",\"@id\":\"https:\\\/\\\/veveyspringclassic.ch\\\/en\\\/#\\\/schema\\\/logo\\\/image\\\/\",\"url\":\"https:\\\/\\\/veveyspringclassic.ch\\\/wp-content\\\/uploads\\\/2024\\\/06\\\/logo.png\",\"contentUrl\":\"https:\\\/\\\/veveyspringclassic.ch\\\/wp-content\\\/uploads\\\/2024\\\/06\\\/logo.png\",\"width\":1024,\"height\":1024,\"caption\":\"Vevey Spring Classic\"},\"image\":{\"@id\":\"https:\\\/\\\/veveyspringclassic.ch\\\/en\\\/#\\\/schema\\\/logo\\\/image\\\/\"},\"sameAs\":[\"https:\\\/\\\/www.facebook.com\\\/veveyspringclassic\\\/\"]},{\"@type\":\"Person\",\"@id\":\"https:\\\/\\\/veveyspringclassic.ch\\\/en\\\/#\\\/schema\\\/person\\\/d8a0dc2e3784874ede3e72906f2949ad\",\"name\":\"ldesiebenthal\",\"image\":{\"@type\":\"ImageObject\",\"inLanguage\":\"en-US\",\"@id\":\"https:\\\/\\\/secure.gravatar.com\\\/avatar\\\/d9e728a0aff18f076a89c62b2297f7c45f3ebe823ed9e87705a913847ff46fe4?s=96&d=mm&r=g\",\"url\":\"https:\\\/\\\/secure.gravatar.com\\\/avatar\\\/d9e728a0aff18f076a89c62b2297f7c45f3ebe823ed9e87705a913847ff46fe4?s=96&d=mm&r=g\",\"contentUrl\":\"https:\\\/\\\/secure.gravatar.com\\\/avatar\\\/d9e728a0aff18f076a89c62b2297f7c45f3ebe823ed9e87705a913847ff46fe4?s=96&d=mm&r=g\",\"caption\":\"ldesiebenthal\"},\"sameAs\":[\"http:\\\/\\\/veveyspringclassic.ch\"]}]}<\/script>\n<!-- \/ Yoast SEO plugin. -->","yoast_head_json":{"title":"\"Prelude\" concert 2024 - Vevey Spring Classic","robots":{"index":"index","follow":"follow","max-snippet":"max-snippet:-1","max-image-preview":"max-image-preview:large","max-video-preview":"max-video-preview:-1"},"canonical":"https:\/\/veveyspringclassic.ch\/en\/2024\/05\/07\/prelude-concert-2024\/","og_locale":"en_US","og_type":"article","og_title":"\"Prelude\" concert 2024 - Vevey Spring Classic","og_description":"We are happy to announce a series of 4 &#8220;Prelude&#8221; concerts during the 2024 festival week as the continuation of our artistic partnership with the HEMU (Haute \u00c9cole de Musique et Conservatoire de Lausanne). This year we look forward to welcoming 2 students from the HEMU &#8220;Master Soliste&#8221; program: the flutist&nbsp;Melanie Martin Gil&nbsp;and the clarinetist&nbsp;Tiago&nbsp;Bento. [&hellip;]","og_url":"https:\/\/veveyspringclassic.ch\/en\/2024\/05\/07\/prelude-concert-2024\/","og_site_name":"Vevey Spring Classic","article_publisher":"https:\/\/www.facebook.com\/veveyspringclassic\/","article_published_time":"2024-05-07T11:09:37+00:00","article_modified_time":"2024-05-07T11:19:07+00:00","og_image":[{"width":2560,"height":1920,"url":"https:\/\/veveyspringclassic.ch\/wp-content\/uploads\/2024\/05\/KIK03194-scaled.jpg","type":"image\/jpeg"}],"author":"ldesiebenthal","twitter_card":"summary_large_image","twitter_misc":{"Written by":"ldesiebenthal","Est. reading time":"2 minutes"},"schema":{"@context":"https:\/\/schema.org","@graph":[{"@type":"Article","@id":"https:\/\/veveyspringclassic.ch\/en\/2024\/05\/07\/prelude-concert-2024\/#article","isPartOf":{"@id":"https:\/\/veveyspringclassic.ch\/en\/2024\/05\/07\/prelude-concert-2024\/"},"author":{"name":"ldesiebenthal","@id":"https:\/\/veveyspringclassic.ch\/en\/#\/schema\/person\/d8a0dc2e3784874ede3e72906f2949ad"},"headline":"&#8220;Prelude&#8221; concert 2024","datePublished":"2024-05-07T11:09:37+00:00","dateModified":"2024-05-07T11:19:07+00:00","mainEntityOfPage":{"@id":"https:\/\/veveyspringclassic.ch\/en\/2024\/05\/07\/prelude-concert-2024\/"},"wordCount":229,"publisher":{"@id":"https:\/\/veveyspringclassic.ch\/en\/#organization"},"image":{"@id":"https:\/\/veveyspringclassic.ch\/en\/2024\/05\/07\/prelude-concert-2024\/#primaryimage"},"thumbnailUrl":"https:\/\/veveyspringclassic.ch\/wp-content\/uploads\/2024\/05\/KIK03194-scaled.jpg","inLanguage":"en-US"},{"@type":"WebPage","@id":"https:\/\/veveyspringclassic.ch\/en\/2024\/05\/07\/prelude-concert-2024\/","url":"https:\/\/veveyspringclassic.ch\/en\/2024\/05\/07\/prelude-concert-2024\/","name":"\"Prelude\" concert 2024 - Vevey Spring Classic","isPartOf":{"@id":"https:\/\/veveyspringclassic.ch\/en\/#website"},"primaryImageOfPage":{"@id":"https:\/\/veveyspringclassic.ch\/en\/2024\/05\/07\/prelude-concert-2024\/#primaryimage"},"image":{"@id":"https:\/\/veveyspringclassic.ch\/en\/2024\/05\/07\/prelude-concert-2024\/#primaryimage"},"thumbnailUrl":"https:\/\/veveyspringclassic.ch\/wp-content\/uploads\/2024\/05\/KIK03194-scaled.jpg","datePublished":"2024-05-07T11:09:37+00:00","dateModified":"2024-05-07T11:19:07+00:00","breadcrumb":{"@id":"https:\/\/veveyspringclassic.ch\/en\/2024\/05\/07\/prelude-concert-2024\/#breadcrumb"},"inLanguage":"en-US","potentialAction":[{"@type":"ReadAction","target":["https:\/\/veveyspringclassic.ch\/en\/2024\/05\/07\/prelude-concert-2024\/"]}]},{"@type":"ImageObject","inLanguage":"en-US","@id":"https:\/\/veveyspringclassic.ch\/en\/2024\/05\/07\/prelude-concert-2024\/#primaryimage","url":"https:\/\/veveyspringclassic.ch\/wp-content\/uploads\/2024\/05\/KIK03194-scaled.jpg","contentUrl":"https:\/\/veveyspringclassic.ch\/wp-content\/uploads\/2024\/05\/KIK03194-scaled.jpg","width":2560,"height":1920},{"@type":"BreadcrumbList","@id":"https:\/\/veveyspringclassic.ch\/en\/2024\/05\/07\/prelude-concert-2024\/#breadcrumb","itemListElement":[{"@type":"ListItem","position":1,"name":"Home","item":"https:\/\/veveyspringclassic.ch\/en\/"},{"@type":"ListItem","position":2,"name":"&#8220;Prelude&#8221; concert 2024"}]},{"@type":"WebSite","@id":"https:\/\/veveyspringclassic.ch\/en\/#website","url":"https:\/\/veveyspringclassic.ch\/en\/","name":"Vevey Spring Classic","description":"","publisher":{"@id":"https:\/\/veveyspringclassic.ch\/en\/#organization"},"potentialAction":[{"@type":"SearchAction","target":{"@type":"EntryPoint","urlTemplate":"https:\/\/veveyspringclassic.ch\/en\/?s={search_term_string}"},"query-input":{"@type":"PropertyValueSpecification","valueRequired":true,"valueName":"search_term_string"}}],"inLanguage":"en-US"},{"@type":"Organization","@id":"https:\/\/veveyspringclassic.ch\/en\/#organization","name":"Vevey Spring Classic","url":"https:\/\/veveyspringclassic.ch\/en\/","logo":{"@type":"ImageObject","inLanguage":"en-US","@id":"https:\/\/veveyspringclassic.ch\/en\/#\/schema\/logo\/image\/","url":"https:\/\/veveyspringclassic.ch\/wp-content\/uploads\/2024\/06\/logo.png","contentUrl":"https:\/\/veveyspringclassic.ch\/wp-content\/uploads\/2024\/06\/logo.png","width":1024,"height":1024,"caption":"Vevey Spring Classic"},"image":{"@id":"https:\/\/veveyspringclassic.ch\/en\/#\/schema\/logo\/image\/"},"sameAs":["https:\/\/www.facebook.com\/veveyspringclassic\/"]},{"@type":"Person","@id":"https:\/\/veveyspringclassic.ch\/en\/#\/schema\/person\/d8a0dc2e3784874ede3e72906f2949ad","name":"ldesiebenthal","image":{"@type":"ImageObject","inLanguage":"en-US","@id":"https:\/\/secure.gravatar.com\/avatar\/d9e728a0aff18f076a89c62b2297f7c45f3ebe823ed9e87705a913847ff46fe4?s=96&d=mm&r=g","url":"https:\/\/secure.gravatar.com\/avatar\/d9e728a0aff18f076a89c62b2297f7c45f3ebe823ed9e87705a913847ff46fe4?s=96&d=mm&r=g","contentUrl":"https:\/\/secure.gravatar.com\/avatar\/d9e728a0aff18f076a89c62b2297f7c45f3ebe823ed9e87705a913847ff46fe4?s=96&d=mm&r=g","caption":"ldesiebenthal"},"sameAs":["http:\/\/veveyspringclassic.ch"]}]}},"_links":{"self":[{"href":"https:\/\/veveyspringclassic.ch\/en\/wp-json\/wp\/v2\/posts\/5133","targetHints":{"allow":["GET"]}}],"collection":[{"href":"https:\/\/veveyspringclassic.ch\/en\/wp-json\/wp\/v2\/posts"}],"about":[{"href":"https:\/\/veveyspringclassic.ch\/en\/wp-json\/wp\/v2\/types\/post"}],"author":[{"embeddable":true,"href":"https:\/\/veveyspringclassic.ch\/en\/wp-json\/wp\/v2\/users\/1"}],"replies":[{"embeddable":true,"href":"https:\/\/veveyspringclassic.ch\/en\/wp-json\/wp\/v2\/comments?post=5133"}],"version-history":[{"count":2,"href":"https:\/\/veveyspringclassic.ch\/en\/wp-json\/wp\/v2\/posts\/5133\/revisions"}],"predecessor-version":[{"id":5139,"href":"https:\/\/veveyspringclassic.ch\/en\/wp-json\/wp\/v2\/posts\/5133\/revisions\/5139"}],"wp:featuredmedia":[{"embeddable":true,"href":"https:\/\/veveyspringclassic.ch\/en\/wp-json\/wp\/v2\/media\/5121"}],"wp:attachment":[{"href":"https:\/\/veveyspringclassic.ch\/en\/wp-json\/wp\/v2\/media?parent=5133"}],"wp:term":[{"taxonomy":"category","embeddable":true,"href":"https:\/\/veveyspringclassic.ch\/en\/wp-json\/wp\/v2\/categories?post=5133"},{"taxonomy":"post_tag","embeddable":true,"href":"https:\/\/veveyspringclassic.ch\/en\/wp-json\/wp\/v2\/tags?post=5133"}],"curies":[{"name":"wp","href":"https:\/\/api.w.org\/{rel}","templated":true}]}}