{"id":10123,"date":"2026-09-01T12:45:31","date_gmt":"2026-09-01T10:45:31","guid":{"rendered":"https:\/\/veveyspringclassic.ch\/?p=10123"},"modified":"2026-09-01T12:57:17","modified_gmt":"2026-09-01T10:57:17","slug":"dive-behind-the-scenes-of-the-vsc-the-documentary-on-the-5th-festival-edition-is-online","status":"publish","type":"post","link":"https:\/\/veveyspringclassic.ch\/en\/2026\/09\/01\/dive-behind-the-scenes-of-the-vsc-the-documentary-on-the-5th-festival-edition-is-online\/","title":{"rendered":"Dive Behind the Scenes of the VSC: The Documentary on the 5th Festival Edition is Online !"},"content":{"rendered":"\n<p class=\"wp-block-paragraph\">The Vevey Spring Classic throws open the doors to its musical family. Marking the festival\u2019s fifth edition, an exclusive documentary captures the unique spirit of the encounter between the <a href=\"https:\/\/veveyspringclassic.ch\/en\/musicien\/orchestra-dellacademia-teatro-alla-scala\/\">Orchestra dell\u2019Accademia Teatro alla Scala<\/a> and the Riviera public. The tone is set from the opening credits: \u201cThe most human aspect of music is something which cannot be spoken with words.\u201d<\/p>\n\n\n\n<p class=\"wp-block-paragraph\">At the heart of the adventure is <a href=\"https:\/\/veveyspringclassic.ch\/en\/musicien\/wilson-hermanto\/\" data-type=\"link\" data-id=\"https:\/\/veveyspringclassic.ch\/musicien\/wilson-hermanto\/\">Wilson Hermanto<\/a>, conductor and co-director of the festival, who passionately guides the young talents of the <a href=\"https:\/\/veveyspringclassic.ch\/en\/musicien\/orchestra-dellacademia-teatro-alla-scala\/\">Orchestra dell\u2019Accademia Teatro alla Scala<\/a>. From intense rehearsals in Milan to magical concerts in Vevey, the film reveals the moments of relaxation and sharing that have bonded musicians and mentors like a true family.<\/p>\n\n\n\n<p class=\"wp-block-paragraph\">Discover the challenges tackled within a demanding repertoire: Hindemith\u2019s\u00a0<em>The Four Temperaments<\/em> featuring the talented pianist <a href=\"https:\/\/veveyspringclassic.ch\/en\/musicien\/louis-schwizgebel\/\">Louis Schwizgebel<\/a>, and the remarkable chemistry with exceptional soloists <a href=\"https:\/\/veveyspringclassic.ch\/en\/musicien\/veronika-eberle\/\">Veronika Eberle<\/a> (violin), <a href=\"https:\/\/veveyspringclassic.ch\/en\/musicien\/mate-szucs\/\">M\u00e1t\u00e9 Sz\u00fccs<\/a> (viola), and <a href=\"https:\/\/veveyspringclassic.ch\/en\/musicien\/daniel-muller-schott\/\">Daniel M\u00fcller-Schott<\/a> (cello) in Schoenberg\u2019s\u00a0<em>Chamber Symphony<\/em>. The festival also offered a window into classical music for the youngest audience with a family concert centered around Francis Poulenc\u2019s\u00a0<em>Story<\/em> of <em>Babar, the little Elephant<\/em>.<\/p>\n\n\n\n<p class=\"wp-block-paragraph\"><a href=\"https:\/\/veveyspringclassic.ch\/en\/musicien\/wilson-hermanto\/\" data-type=\"link\" data-id=\"https:\/\/veveyspringclassic.ch\/musicien\/wilson-hermanto\/\">Wilson Hermanto<\/a> shares his vision: \u201cLife is a metamorphosis,\u201d and music, this universal language, enriches every generation.<\/p>\n\n\n\n<p class=\"wp-block-paragraph\">Whether you are a music lover or simply curious to see how the magic of a festival is created, do not miss this testament to transmission and excellence. Relive the emotion of the festival through the images of this outstanding documentary.<\/p>\n\n\n\n<figure class=\"wp-block-embed is-type-video is-provider-youtube wp-block-embed-youtube wp-embed-aspect-16-9 wp-has-aspect-ratio\"><div class=\"wp-block-embed__wrapper\">\n<iframe loading=\"lazy\" title=\"Documentary film Vevey Spring Classic 2026\" width=\"1170\" height=\"658\" src=\"https:\/\/www.youtube.com\/embed\/Bcle4VBhUJA?feature=oembed\" frameborder=\"0\" allow=\"accelerometer; autoplay; clipboard-write; encrypted-media; gyroscope; picture-in-picture; web-share\" referrerpolicy=\"strict-origin-when-cross-origin\" allowfullscreen><\/iframe>\n<\/div><\/figure>\n","protected":false},"excerpt":{"rendered":"<p>The Vevey Spring Classic throws open the doors to its musical family. Marking the festival\u2019s fifth edition, an exclusive documentary captures the unique spirit of the encounter between the Orchestra dell\u2019Accademia Teatro alla Scala and the Riviera public. The tone is set from the opening credits: \u201cThe most human aspect of music is something which [&hellip;]<\/p>\n","protected":false},"author":6,"featured_media":10118,"comment_status":"closed","ping_status":"closed","sticky":false,"template":"","format":"standard","meta":{"_acf_changed":false,"footnotes":""},"categories":[3],"tags":[],"class_list":["post-10123","post","type-post","status-publish","format-standard","has-post-thumbnail","hentry","category-uncategorized"],"acf":[],"yoast_head":"<!-- This site is optimized with the Yoast SEO plugin v28.3 - https:\/\/yoast.com\/product\/yoast-seo-wordpress\/ -->\n<title>Dive Behind the Scenes of the VSC: The Documentary on the 5th Festival Edition is Online ! - Vevey Spring Classic<\/title>\n<meta name=\"robots\" content=\"index, follow, max-snippet:-1, max-image-preview:large, max-video-preview:-1\" \/>\n<link rel=\"canonical\" href=\"https:\/\/veveyspringclassic.ch\/en\/2026\/09\/01\/dive-behind-the-scenes-of-the-vsc-the-documentary-on-the-5th-festival-edition-is-online\/\" \/>\n<meta property=\"og:locale\" content=\"en_US\" \/>\n<meta property=\"og:type\" content=\"article\" \/>\n<meta property=\"og:title\" content=\"Dive Behind the Scenes of the VSC: The Documentary on the 5th Festival Edition is Online ! - Vevey Spring Classic\" \/>\n<meta property=\"og:description\" content=\"The Vevey Spring Classic throws open the doors to its musical family. Marking the festival\u2019s fifth edition, an exclusive documentary captures the unique spirit of the encounter between the Orchestra dell\u2019Accademia Teatro alla Scala and the Riviera public. The tone is set from the opening credits: \u201cThe most human aspect of music is something which [&hellip;]\" \/>\n<meta property=\"og:url\" content=\"https:\/\/veveyspringclassic.ch\/en\/2026\/09\/01\/dive-behind-the-scenes-of-the-vsc-the-documentary-on-the-5th-festival-edition-is-online\/\" \/>\n<meta property=\"og:site_name\" content=\"Vevey Spring Classic\" \/>\n<meta property=\"article:publisher\" content=\"https:\/\/www.facebook.com\/veveyspringclassic\/\" \/>\n<meta property=\"article:published_time\" content=\"2026-09-01T10:45:31+00:00\" \/>\n<meta property=\"article:modified_time\" content=\"2026-09-01T10:57:17+00:00\" \/>\n<meta property=\"og:image\" content=\"https:\/\/veveyspringclassic.ch\/wp-content\/uploads\/2026\/09\/Capture-decran-2026-09-01-a-12.38.39.png\" \/>\n\t<meta property=\"og:image:width\" content=\"800\" \/>\n\t<meta property=\"og:image:height\" content=\"517\" \/>\n\t<meta property=\"og:image:type\" content=\"image\/png\" \/>\n<meta name=\"author\" content=\"Lucie de Palma\" \/>\n<meta name=\"twitter:card\" content=\"summary_large_image\" \/>\n<meta name=\"twitter:label1\" content=\"Written by\" \/>\n\t<meta name=\"twitter:data1\" content=\"Lucie de Palma\" \/>\n\t<meta name=\"twitter:label2\" content=\"Est. reading time\" \/>\n\t<meta name=\"twitter:data2\" content=\"2 minutes\" \/>\n<script type=\"application\/ld+json\" class=\"yoast-schema-graph\">{\"@context\":\"https:\\\/\\\/schema.org\",\"@graph\":[{\"@type\":\"Article\",\"@id\":\"https:\\\/\\\/veveyspringclassic.ch\\\/en\\\/2026\\\/09\\\/01\\\/dive-behind-the-scenes-of-the-vsc-the-documentary-on-the-5th-festival-edition-is-online\\\/#article\",\"isPartOf\":{\"@id\":\"https:\\\/\\\/veveyspringclassic.ch\\\/en\\\/2026\\\/09\\\/01\\\/dive-behind-the-scenes-of-the-vsc-the-documentary-on-the-5th-festival-edition-is-online\\\/\"},\"author\":{\"name\":\"Lucie de Palma\",\"@id\":\"https:\\\/\\\/veveyspringclassic.ch\\\/en\\\/#\\\/schema\\\/person\\\/ede688ef738a107c810b49a0edfc3240\"},\"headline\":\"Dive Behind the Scenes of the VSC: The Documentary on the 5th Festival Edition is Online !\",\"datePublished\":\"2026-09-01T10:45:31+00:00\",\"dateModified\":\"2026-09-01T10:57:17+00:00\",\"mainEntityOfPage\":{\"@id\":\"https:\\\/\\\/veveyspringclassic.ch\\\/en\\\/2026\\\/09\\\/01\\\/dive-behind-the-scenes-of-the-vsc-the-documentary-on-the-5th-festival-edition-is-online\\\/\"},\"wordCount\":274,\"publisher\":{\"@id\":\"https:\\\/\\\/veveyspringclassic.ch\\\/en\\\/#organization\"},\"image\":{\"@id\":\"https:\\\/\\\/veveyspringclassic.ch\\\/en\\\/2026\\\/09\\\/01\\\/dive-behind-the-scenes-of-the-vsc-the-documentary-on-the-5th-festival-edition-is-online\\\/#primaryimage\"},\"thumbnailUrl\":\"https:\\\/\\\/veveyspringclassic.ch\\\/wp-content\\\/uploads\\\/2026\\\/09\\\/Capture-decran-2026-09-01-a-12.38.39.png\",\"inLanguage\":\"en-US\"},{\"@type\":\"WebPage\",\"@id\":\"https:\\\/\\\/veveyspringclassic.ch\\\/en\\\/2026\\\/09\\\/01\\\/dive-behind-the-scenes-of-the-vsc-the-documentary-on-the-5th-festival-edition-is-online\\\/\",\"url\":\"https:\\\/\\\/veveyspringclassic.ch\\\/en\\\/2026\\\/09\\\/01\\\/dive-behind-the-scenes-of-the-vsc-the-documentary-on-the-5th-festival-edition-is-online\\\/\",\"name\":\"Dive Behind the Scenes of the VSC: The Documentary on the 5th Festival Edition is Online ! - Vevey Spring Classic\",\"isPartOf\":{\"@id\":\"https:\\\/\\\/veveyspringclassic.ch\\\/en\\\/#website\"},\"primaryImageOfPage\":{\"@id\":\"https:\\\/\\\/veveyspringclassic.ch\\\/en\\\/2026\\\/09\\\/01\\\/dive-behind-the-scenes-of-the-vsc-the-documentary-on-the-5th-festival-edition-is-online\\\/#primaryimage\"},\"image\":{\"@id\":\"https:\\\/\\\/veveyspringclassic.ch\\\/en\\\/2026\\\/09\\\/01\\\/dive-behind-the-scenes-of-the-vsc-the-documentary-on-the-5th-festival-edition-is-online\\\/#primaryimage\"},\"thumbnailUrl\":\"https:\\\/\\\/veveyspringclassic.ch\\\/wp-content\\\/uploads\\\/2026\\\/09\\\/Capture-decran-2026-09-01-a-12.38.39.png\",\"datePublished\":\"2026-09-01T10:45:31+00:00\",\"dateModified\":\"2026-09-01T10:57:17+00:00\",\"breadcrumb\":{\"@id\":\"https:\\\/\\\/veveyspringclassic.ch\\\/en\\\/2026\\\/09\\\/01\\\/dive-behind-the-scenes-of-the-vsc-the-documentary-on-the-5th-festival-edition-is-online\\\/#breadcrumb\"},\"inLanguage\":\"en-US\",\"potentialAction\":[{\"@type\":\"ReadAction\",\"target\":[\"https:\\\/\\\/veveyspringclassic.ch\\\/en\\\/2026\\\/09\\\/01\\\/dive-behind-the-scenes-of-the-vsc-the-documentary-on-the-5th-festival-edition-is-online\\\/\"]}]},{\"@type\":\"ImageObject\",\"inLanguage\":\"en-US\",\"@id\":\"https:\\\/\\\/veveyspringclassic.ch\\\/en\\\/2026\\\/09\\\/01\\\/dive-behind-the-scenes-of-the-vsc-the-documentary-on-the-5th-festival-edition-is-online\\\/#primaryimage\",\"url\":\"https:\\\/\\\/veveyspringclassic.ch\\\/wp-content\\\/uploads\\\/2026\\\/09\\\/Capture-decran-2026-09-01-a-12.38.39.png\",\"contentUrl\":\"https:\\\/\\\/veveyspringclassic.ch\\\/wp-content\\\/uploads\\\/2026\\\/09\\\/Capture-decran-2026-09-01-a-12.38.39.png\",\"width\":800,\"height\":517},{\"@type\":\"BreadcrumbList\",\"@id\":\"https:\\\/\\\/veveyspringclassic.ch\\\/en\\\/2026\\\/09\\\/01\\\/dive-behind-the-scenes-of-the-vsc-the-documentary-on-the-5th-festival-edition-is-online\\\/#breadcrumb\",\"itemListElement\":[{\"@type\":\"ListItem\",\"position\":1,\"name\":\"Home\",\"item\":\"https:\\\/\\\/veveyspringclassic.ch\\\/en\\\/\"},{\"@type\":\"ListItem\",\"position\":2,\"name\":\"Dive Behind the Scenes of the VSC: The Documentary on the 5th Festival Edition is Online !\"}]},{\"@type\":\"WebSite\",\"@id\":\"https:\\\/\\\/veveyspringclassic.ch\\\/en\\\/#website\",\"url\":\"https:\\\/\\\/veveyspringclassic.ch\\\/en\\\/\",\"name\":\"Vevey Spring Classic\",\"description\":\"\",\"publisher\":{\"@id\":\"https:\\\/\\\/veveyspringclassic.ch\\\/en\\\/#organization\"},\"potentialAction\":[{\"@type\":\"SearchAction\",\"target\":{\"@type\":\"EntryPoint\",\"urlTemplate\":\"https:\\\/\\\/veveyspringclassic.ch\\\/en\\\/?s={search_term_string}\"},\"query-input\":{\"@type\":\"PropertyValueSpecification\",\"valueRequired\":true,\"valueName\":\"search_term_string\"}}],\"inLanguage\":\"en-US\"},{\"@type\":\"Organization\",\"@id\":\"https:\\\/\\\/veveyspringclassic.ch\\\/en\\\/#organization\",\"name\":\"Vevey Spring Classic\",\"url\":\"https:\\\/\\\/veveyspringclassic.ch\\\/en\\\/\",\"logo\":{\"@type\":\"ImageObject\",\"inLanguage\":\"en-US\",\"@id\":\"https:\\\/\\\/veveyspringclassic.ch\\\/en\\\/#\\\/schema\\\/logo\\\/image\\\/\",\"url\":\"https:\\\/\\\/veveyspringclassic.ch\\\/wp-content\\\/uploads\\\/2024\\\/06\\\/logo.png\",\"contentUrl\":\"https:\\\/\\\/veveyspringclassic.ch\\\/wp-content\\\/uploads\\\/2024\\\/06\\\/logo.png\",\"width\":1024,\"height\":1024,\"caption\":\"Vevey Spring Classic\"},\"image\":{\"@id\":\"https:\\\/\\\/veveyspringclassic.ch\\\/en\\\/#\\\/schema\\\/logo\\\/image\\\/\"},\"sameAs\":[\"https:\\\/\\\/www.facebook.com\\\/veveyspringclassic\\\/\"]},{\"@type\":\"Person\",\"@id\":\"https:\\\/\\\/veveyspringclassic.ch\\\/en\\\/#\\\/schema\\\/person\\\/ede688ef738a107c810b49a0edfc3240\",\"name\":\"Lucie de Palma\",\"image\":{\"@type\":\"ImageObject\",\"inLanguage\":\"en-US\",\"@id\":\"https:\\\/\\\/secure.gravatar.com\\\/avatar\\\/cc574064f5234c8d71d2fe29ee2854beee80bb494ce10187782290531e077e7e?s=96&d=mm&r=g\",\"url\":\"https:\\\/\\\/secure.gravatar.com\\\/avatar\\\/cc574064f5234c8d71d2fe29ee2854beee80bb494ce10187782290531e077e7e?s=96&d=mm&r=g\",\"contentUrl\":\"https:\\\/\\\/secure.gravatar.com\\\/avatar\\\/cc574064f5234c8d71d2fe29ee2854beee80bb494ce10187782290531e077e7e?s=96&d=mm&r=g\",\"caption\":\"Lucie de Palma\"}}]}<\/script>\n<!-- \/ Yoast SEO plugin. -->","yoast_head_json":{"title":"Dive Behind the Scenes of the VSC: The Documentary on the 5th Festival Edition is Online ! - Vevey Spring Classic","robots":{"index":"index","follow":"follow","max-snippet":"max-snippet:-1","max-image-preview":"max-image-preview:large","max-video-preview":"max-video-preview:-1"},"canonical":"https:\/\/veveyspringclassic.ch\/en\/2026\/09\/01\/dive-behind-the-scenes-of-the-vsc-the-documentary-on-the-5th-festival-edition-is-online\/","og_locale":"en_US","og_type":"article","og_title":"Dive Behind the Scenes of the VSC: The Documentary on the 5th Festival Edition is Online ! - Vevey Spring Classic","og_description":"The Vevey Spring Classic throws open the doors to its musical family. Marking the festival\u2019s fifth edition, an exclusive documentary captures the unique spirit of the encounter between the Orchestra dell\u2019Accademia Teatro alla Scala and the Riviera public. The tone is set from the opening credits: \u201cThe most human aspect of music is something which [&hellip;]","og_url":"https:\/\/veveyspringclassic.ch\/en\/2026\/09\/01\/dive-behind-the-scenes-of-the-vsc-the-documentary-on-the-5th-festival-edition-is-online\/","og_site_name":"Vevey Spring Classic","article_publisher":"https:\/\/www.facebook.com\/veveyspringclassic\/","article_published_time":"2026-09-01T10:45:31+00:00","article_modified_time":"2026-09-01T10:57:17+00:00","og_image":[{"width":800,"height":517,"url":"https:\/\/veveyspringclassic.ch\/wp-content\/uploads\/2026\/09\/Capture-decran-2026-09-01-a-12.38.39.png","type":"image\/png"}],"author":"Lucie de Palma","twitter_card":"summary_large_image","twitter_misc":{"Written by":"Lucie de Palma","Est. reading time":"2 minutes"},"schema":{"@context":"https:\/\/schema.org","@graph":[{"@type":"Article","@id":"https:\/\/veveyspringclassic.ch\/en\/2026\/09\/01\/dive-behind-the-scenes-of-the-vsc-the-documentary-on-the-5th-festival-edition-is-online\/#article","isPartOf":{"@id":"https:\/\/veveyspringclassic.ch\/en\/2026\/09\/01\/dive-behind-the-scenes-of-the-vsc-the-documentary-on-the-5th-festival-edition-is-online\/"},"author":{"name":"Lucie de Palma","@id":"https:\/\/veveyspringclassic.ch\/en\/#\/schema\/person\/ede688ef738a107c810b49a0edfc3240"},"headline":"Dive Behind the Scenes of the VSC: The Documentary on the 5th Festival Edition is Online !","datePublished":"2026-09-01T10:45:31+00:00","dateModified":"2026-09-01T10:57:17+00:00","mainEntityOfPage":{"@id":"https:\/\/veveyspringclassic.ch\/en\/2026\/09\/01\/dive-behind-the-scenes-of-the-vsc-the-documentary-on-the-5th-festival-edition-is-online\/"},"wordCount":274,"publisher":{"@id":"https:\/\/veveyspringclassic.ch\/en\/#organization"},"image":{"@id":"https:\/\/veveyspringclassic.ch\/en\/2026\/09\/01\/dive-behind-the-scenes-of-the-vsc-the-documentary-on-the-5th-festival-edition-is-online\/#primaryimage"},"thumbnailUrl":"https:\/\/veveyspringclassic.ch\/wp-content\/uploads\/2026\/09\/Capture-decran-2026-09-01-a-12.38.39.png","inLanguage":"en-US"},{"@type":"WebPage","@id":"https:\/\/veveyspringclassic.ch\/en\/2026\/09\/01\/dive-behind-the-scenes-of-the-vsc-the-documentary-on-the-5th-festival-edition-is-online\/","url":"https:\/\/veveyspringclassic.ch\/en\/2026\/09\/01\/dive-behind-the-scenes-of-the-vsc-the-documentary-on-the-5th-festival-edition-is-online\/","name":"Dive Behind the Scenes of the VSC: The Documentary on the 5th Festival Edition is Online ! - Vevey Spring Classic","isPartOf":{"@id":"https:\/\/veveyspringclassic.ch\/en\/#website"},"primaryImageOfPage":{"@id":"https:\/\/veveyspringclassic.ch\/en\/2026\/09\/01\/dive-behind-the-scenes-of-the-vsc-the-documentary-on-the-5th-festival-edition-is-online\/#primaryimage"},"image":{"@id":"https:\/\/veveyspringclassic.ch\/en\/2026\/09\/01\/dive-behind-the-scenes-of-the-vsc-the-documentary-on-the-5th-festival-edition-is-online\/#primaryimage"},"thumbnailUrl":"https:\/\/veveyspringclassic.ch\/wp-content\/uploads\/2026\/09\/Capture-decran-2026-09-01-a-12.38.39.png","datePublished":"2026-09-01T10:45:31+00:00","dateModified":"2026-09-01T10:57:17+00:00","breadcrumb":{"@id":"https:\/\/veveyspringclassic.ch\/en\/2026\/09\/01\/dive-behind-the-scenes-of-the-vsc-the-documentary-on-the-5th-festival-edition-is-online\/#breadcrumb"},"inLanguage":"en-US","potentialAction":[{"@type":"ReadAction","target":["https:\/\/veveyspringclassic.ch\/en\/2026\/09\/01\/dive-behind-the-scenes-of-the-vsc-the-documentary-on-the-5th-festival-edition-is-online\/"]}]},{"@type":"ImageObject","inLanguage":"en-US","@id":"https:\/\/veveyspringclassic.ch\/en\/2026\/09\/01\/dive-behind-the-scenes-of-the-vsc-the-documentary-on-the-5th-festival-edition-is-online\/#primaryimage","url":"https:\/\/veveyspringclassic.ch\/wp-content\/uploads\/2026\/09\/Capture-decran-2026-09-01-a-12.38.39.png","contentUrl":"https:\/\/veveyspringclassic.ch\/wp-content\/uploads\/2026\/09\/Capture-decran-2026-09-01-a-12.38.39.png","width":800,"height":517},{"@type":"BreadcrumbList","@id":"https:\/\/veveyspringclassic.ch\/en\/2026\/09\/01\/dive-behind-the-scenes-of-the-vsc-the-documentary-on-the-5th-festival-edition-is-online\/#breadcrumb","itemListElement":[{"@type":"ListItem","position":1,"name":"Home","item":"https:\/\/veveyspringclassic.ch\/en\/"},{"@type":"ListItem","position":2,"name":"Dive Behind the Scenes of the VSC: The Documentary on the 5th Festival Edition is Online !"}]},{"@type":"WebSite","@id":"https:\/\/veveyspringclassic.ch\/en\/#website","url":"https:\/\/veveyspringclassic.ch\/en\/","name":"Vevey Spring Classic","description":"","publisher":{"@id":"https:\/\/veveyspringclassic.ch\/en\/#organization"},"potentialAction":[{"@type":"SearchAction","target":{"@type":"EntryPoint","urlTemplate":"https:\/\/veveyspringclassic.ch\/en\/?s={search_term_string}"},"query-input":{"@type":"PropertyValueSpecification","valueRequired":true,"valueName":"search_term_string"}}],"inLanguage":"en-US"},{"@type":"Organization","@id":"https:\/\/veveyspringclassic.ch\/en\/#organization","name":"Vevey Spring Classic","url":"https:\/\/veveyspringclassic.ch\/en\/","logo":{"@type":"ImageObject","inLanguage":"en-US","@id":"https:\/\/veveyspringclassic.ch\/en\/#\/schema\/logo\/image\/","url":"https:\/\/veveyspringclassic.ch\/wp-content\/uploads\/2024\/06\/logo.png","contentUrl":"https:\/\/veveyspringclassic.ch\/wp-content\/uploads\/2024\/06\/logo.png","width":1024,"height":1024,"caption":"Vevey Spring Classic"},"image":{"@id":"https:\/\/veveyspringclassic.ch\/en\/#\/schema\/logo\/image\/"},"sameAs":["https:\/\/www.facebook.com\/veveyspringclassic\/"]},{"@type":"Person","@id":"https:\/\/veveyspringclassic.ch\/en\/#\/schema\/person\/ede688ef738a107c810b49a0edfc3240","name":"Lucie de Palma","image":{"@type":"ImageObject","inLanguage":"en-US","@id":"https:\/\/secure.gravatar.com\/avatar\/cc574064f5234c8d71d2fe29ee2854beee80bb494ce10187782290531e077e7e?s=96&d=mm&r=g","url":"https:\/\/secure.gravatar.com\/avatar\/cc574064f5234c8d71d2fe29ee2854beee80bb494ce10187782290531e077e7e?s=96&d=mm&r=g","contentUrl":"https:\/\/secure.gravatar.com\/avatar\/cc574064f5234c8d71d2fe29ee2854beee80bb494ce10187782290531e077e7e?s=96&d=mm&r=g","caption":"Lucie de Palma"}}]}},"_links":{"self":[{"href":"https:\/\/veveyspringclassic.ch\/en\/wp-json\/wp\/v2\/posts\/10123","targetHints":{"allow":["GET"]}}],"collection":[{"href":"https:\/\/veveyspringclassic.ch\/en\/wp-json\/wp\/v2\/posts"}],"about":[{"href":"https:\/\/veveyspringclassic.ch\/en\/wp-json\/wp\/v2\/types\/post"}],"author":[{"embeddable":true,"href":"https:\/\/veveyspringclassic.ch\/en\/wp-json\/wp\/v2\/users\/6"}],"replies":[{"embeddable":true,"href":"https:\/\/veveyspringclassic.ch\/en\/wp-json\/wp\/v2\/comments?post=10123"}],"version-history":[{"count":6,"href":"https:\/\/veveyspringclassic.ch\/en\/wp-json\/wp\/v2\/posts\/10123\/revisions"}],"predecessor-version":[{"id":10133,"href":"https:\/\/veveyspringclassic.ch\/en\/wp-json\/wp\/v2\/posts\/10123\/revisions\/10133"}],"wp:featuredmedia":[{"embeddable":true,"href":"https:\/\/veveyspringclassic.ch\/en\/wp-json\/wp\/v2\/media\/10118"}],"wp:attachment":[{"href":"https:\/\/veveyspringclassic.ch\/en\/wp-json\/wp\/v2\/media?parent=10123"}],"wp:term":[{"taxonomy":"category","embeddable":true,"href":"https:\/\/veveyspringclassic.ch\/en\/wp-json\/wp\/v2\/categories?post=10123"},{"taxonomy":"post_tag","embeddable":true,"href":"https:\/\/veveyspringclassic.ch\/en\/wp-json\/wp\/v2\/tags?post=10123"}],"curies":[{"name":"wp","href":"https:\/\/api.w.org\/{rel}","templated":true}]}}